{"id":20722,"date":"2025-01-17T17:42:26","date_gmt":"2025-01-17T16:42:26","guid":{"rendered":"http:\/\/faschingszunft.alberschwende.info\/?p=20722"},"modified":"2025-01-17T17:42:56","modified_gmt":"2025-01-17T16:42:56","slug":"landesnarrentag-hohenems-12-01-25","status":"publish","type":"post","link":"https:\/\/faschingszunft.alberschwende.info\/?p=20722","title":{"rendered":"Landesnarrentag Hohenems 12.01.25"},"content":{"rendered":"\n<figure class=\"wp-block-image size-full\"><a href=\"http:\/\/faschingszunft.alberschwende.info\/wp-content\/uploads\/2025\/01\/k-IMG-20250113-WA0005.jpg\" data-rel=\"lightbox-image-0\" data-rl_title=\"\" data-rl_caption=\"\" title=\"\"><img loading=\"lazy\" width=\"530\" height=\"298\" src=\"http:\/\/faschingszunft.alberschwende.info\/wp-content\/uploads\/2025\/01\/k-IMG-20250113-WA0005.jpg\" alt=\"\" class=\"wp-image-20723\" srcset=\"https:\/\/faschingszunft.alberschwende.info\/wp-content\/uploads\/2025\/01\/k-IMG-20250113-WA0005.jpg 530w, https:\/\/faschingszunft.alberschwende.info\/wp-content\/uploads\/2025\/01\/k-IMG-20250113-WA0005-300x169.jpg 300w\" sizes=\"(max-width: 530px) 100vw, 530px\" \/><\/a><\/figure>\n\n\n\n<p>Unsere erste Ausr\u00fcckung in der neuen Saison &#8211; der Landesnarrentag in Hohenems.  Jedes Jahr neu ist auch unsere Schweinetransport &#8211; drei Schweine auf einem H\u00e4nger. Bereits am Vormittag fuhren einige Z\u00fcnftler gross und klein nach Hohenems.  Unsere Teenygarde zeigte den erlernten Masch dem Publikum. Auch f\u00fcr unsere Piraten fing ein neues Kapital an &#8211; als Ritter mit ihren Stecken-Pferdchen gehen sie ab sofort in den Fasching. Danke an die Embser Schlossnarren f\u00fcr den freundlichen Empfang.<\/p>\n\n\n\n<p><a href=\"http:\/\/faschingszunft.alberschwende.info\/?page_id=20719\">Fotos<\/a><\/p>\n","protected":false},"excerpt":{"rendered":"<p>Unsere erste Ausr\u00fcckung in der neuen Saison &#8211; der Landesnarrentag in Hohenems. Jedes Jahr neu ist auch unsere Schweinetransport &#8211; drei Schweine auf einem H\u00e4nger. Bereits am Vormittag fuhren einige Z\u00fcnftler gross und klein nach Hohenems. Unsere Teenygarde zeigte den erlernten Masch dem Publikum. Auch f\u00fcr unsere Piraten fing ein neues Kapital an &#8211; als &hellip; <a href=\"https:\/\/faschingszunft.alberschwende.info\/?p=20722\" class=\"more-link\"><span class=\"screen-reader-text\">Landesnarrentag Hohenems 12.01.25<\/span> weiterlesen<\/a><\/p>\n","protected":false},"author":2,"featured_media":0,"comment_status":"open","ping_status":"closed","sticky":false,"template":"","format":"standard","meta":{"ngg_post_thumbnail":0},"categories":[3],"tags":[],"_links":{"self":[{"href":"https:\/\/faschingszunft.alberschwende.info\/index.php?rest_route=\/wp\/v2\/posts\/20722"}],"collection":[{"href":"https:\/\/faschingszunft.alberschwende.info\/index.php?rest_route=\/wp\/v2\/posts"}],"about":[{"href":"https:\/\/faschingszunft.alberschwende.info\/index.php?rest_route=\/wp\/v2\/types\/post"}],"author":[{"embeddable":true,"href":"https:\/\/faschingszunft.alberschwende.info\/index.php?rest_route=\/wp\/v2\/users\/2"}],"replies":[{"embeddable":true,"href":"https:\/\/faschingszunft.alberschwende.info\/index.php?rest_route=%2Fwp%2Fv2%2Fcomments&post=20722"}],"version-history":[{"count":1,"href":"https:\/\/faschingszunft.alberschwende.info\/index.php?rest_route=\/wp\/v2\/posts\/20722\/revisions"}],"predecessor-version":[{"id":20724,"href":"https:\/\/faschingszunft.alberschwende.info\/index.php?rest_route=\/wp\/v2\/posts\/20722\/revisions\/20724"}],"wp:attachment":[{"href":"https:\/\/faschingszunft.alberschwende.info\/index.php?rest_route=%2Fwp%2Fv2%2Fmedia&parent=20722"}],"wp:term":[{"taxonomy":"category","embeddable":true,"href":"https:\/\/faschingszunft.alberschwende.info\/index.php?rest_route=%2Fwp%2Fv2%2Fcategories&post=20722"},{"taxonomy":"post_tag","embeddable":true,"href":"https:\/\/faschingszunft.alberschwende.info\/index.php?rest_route=%2Fwp%2Fv2%2Ftags&post=20722"}],"curies":[{"name":"wp","href":"https:\/\/api.w.org\/{rel}","templated":true}]}}